{"id":264267,"date":"2026-08-31T09:59:32","date_gmt":"2026-08-31T08:59:32","guid":{"rendered":"https:\/\/www.grapats.com\/grup-grapats-impulsa-limpacte-i-la-innovacio-social-basats-en-dades-amb-el-suport-de-la-unio-europea\/"},"modified":"2026-08-31T09:59:32","modified_gmt":"2026-08-31T08:59:32","slug":"grup-grapats-impulsa-limpacte-i-la-innovacio-social-basats-en-dades-amb-el-suport-de-la-unio-europea","status":"publish","type":"post","link":"https:\/\/www.grapats.com\/ca\/grup-grapats-impulsa-limpacte-i-la-innovacio-social-basats-en-dades-amb-el-suport-de-la-unio-europea\/","title":{"rendered":"Grup Grapats impulsa l\u2019impacte i la innovaci\u00f3 social basats en dades amb el suport de la Uni\u00f3 Europea"},"content":{"rendered":"<p>La nostra organitzaci\u00f3 ha estat benefici\u00e0ria del programa Kit Espai de Dades, una iniciativa que impulsa la incorporaci\u00f3 de les organitzacions als espais de dades sectorials: ecosistemes de compartici\u00f3 de dades de manera segura, \u00e8tica, interoperable i alineada amb l\u2019Estrat\u00e8gia Europea de Dades.<\/p>\n<p>Gr\u00e0cies a aquest ajut, ens hem incorporat a l\u2019Espai de Dades Social Data Driven Impact (SDDI), promogut pel Grupo neoCK: un entorn especialitzat en la generaci\u00f3, el mesurament i la gesti\u00f3 de l\u2019impacte social.<\/p>\n<p>Davant dels reptes de l\u2019organitzaci\u00f3 en mat\u00e8ria de:<\/p>\n<p>Desenvolupament de la cultura i de les capacitats en mat\u00e8ria de captaci\u00f3 i gesti\u00f3 de dades, compliment normatiu en protecci\u00f3 de dades, \u00fas \u00e8tic de la intel\u00b7lig\u00e8ncia artificial, i generaci\u00f3, mesurament i avaluaci\u00f3 de l\u2019impacte social.<br \/>Estalvi de temps i costos en aspectes vinculats a la gesti\u00f3, per poder-los destinar al desenvolupament de les activitats associades al compliment del prop\u00f2sit corporatiu.<br \/>Compliment dels est\u00e0ndards europeus, com ara el RGPD, el Data Act i l\u2019AI Act.<br \/>Refor\u00e7 del nostre posicionament per a l\u2019obtenci\u00f3 d\u2019ingressos que permetin complir el nostre prop\u00f2sit, mitjan\u00e7ant la generaci\u00f3 d\u2019evid\u00e8ncies de la nostra contribuci\u00f3 a la societat.<br \/>L\u2019adhesi\u00f3 a l\u2019Espai de Dades SDDI ens permet donar resposta a aquests reptes, millorant la qualitat de les nostres dades, optimitzant la presa de decisions i refor\u00e7ant les evid\u00e8ncies del compliment de la nostra missi\u00f3.<br \/>Aquest pas suposa avan\u00e7ar cap a un model m\u00e9s eficient, col\u00b7laboratiu i basat en dades.<\/p>\n<p>Aquesta actuaci\u00f3 s\u2019emmarca en el Pla de Recuperaci\u00f3, Transformaci\u00f3 i Resili\u00e8ncia, finan\u00e7at per la Uni\u00f3 Europea \u2013 NextGenerationEU<\/p>\n<p>&nbsp;<\/p>\n<p><img loading=\"lazy\" decoding=\"async\" class=\"alignnone size-medium wp-image-264262\" src=\"https:\/\/www.grapats.com\/wp-content\/uploads\/2026\/08\/Basico-1080-x-600-300x167.jpg\" alt=\"\" width=\"300\" height=\"167\"><\/p>\n","protected":false},"excerpt":{"rendered":"<p>Grup Grapats impulsa l\u2019impacte i la innovaci\u00f3 social basats en dades amb el suport de la Uni\u00f3 Europea<\/p>\n","protected":false},"author":3,"featured_media":264266,"comment_status":"closed","ping_status":"closed","sticky":false,"template":"","format":"standard","meta":{"_et_pb_use_builder":"","_et_pb_old_content":"","_et_gb_content_width":"","footnotes":""},"categories":[29],"tags":[],"class_list":["post-264267","post","type-post","status-publish","format-standard","has-post-thumbnail","hentry","category-noticies"],"yoast_head":"<!-- This site is optimized with the Yoast SEO plugin v28.3 - https:\/\/yoast.com\/product\/yoast-seo-wordpress\/ -->\n<title>Grup Grapats impulsa l\u2019impacte i la innovaci\u00f3 social basats en dades amb el suport de la Uni\u00f3 Europea - Grapats<\/title>\n<meta name=\"description\" content=\"Grup Grapats impulsa l\u2019impacte i la innovaci\u00f3 social basats en dades amb el suport de la Uni\u00f3 Europea\" \/>\n<meta name=\"robots\" content=\"index, follow, max-snippet:-1, max-image-preview:large, max-video-preview:-1\" \/>\n<link rel=\"canonical\" href=\"https:\/\/www.grapats.com\/ca\/grup-grapats-impulsa-limpacte-i-la-innovacio-social-basats-en-dades-amb-el-suport-de-la-unio-europea\/\" \/>\n<script type=\"application\/ld+json\" class=\"yoast-schema-graph\">{\"@context\":\"https:\\\/\\\/schema.org\",\"@graph\":[{\"@type\":\"Article\",\"@id\":\"https:\\\/\\\/www.grapats.com\\\/ca\\\/grup-grapats-impulsa-limpacte-i-la-innovacio-social-basats-en-dades-amb-el-suport-de-la-unio-europea\\\/#article\",\"isPartOf\":{\"@id\":\"https:\\\/\\\/www.grapats.com\\\/ca\\\/grup-grapats-impulsa-limpacte-i-la-innovacio-social-basats-en-dades-amb-el-suport-de-la-unio-europea\\\/\"},\"author\":{\"name\":\"XAVIER BONET\",\"@id\":\"https:\\\/\\\/www.grapats.com\\\/ca\\\/#\\\/schema\\\/person\\\/d17f7b483c10051b7ddbe0c85b8fa15d\"},\"headline\":\"Grup Grapats impulsa l\u2019impacte i la innovaci\u00f3 social basats en dades amb el suport de la Uni\u00f3 Europea\",\"datePublished\":\"2026-08-31T08:59:32+00:00\",\"mainEntityOfPage\":{\"@id\":\"https:\\\/\\\/www.grapats.com\\\/ca\\\/grup-grapats-impulsa-limpacte-i-la-innovacio-social-basats-en-dades-amb-el-suport-de-la-unio-europea\\\/\"},\"wordCount\":303,\"image\":{\"@id\":\"https:\\\/\\\/www.grapats.com\\\/ca\\\/grup-grapats-impulsa-limpacte-i-la-innovacio-social-basats-en-dades-amb-el-suport-de-la-unio-europea\\\/#primaryimage\"},\"thumbnailUrl\":\"https:\\\/\\\/www.grapats.com\\\/wp-content\\\/uploads\\\/2026\\\/08\\\/Basico-1080-x-600.jpg\",\"articleSection\":[\"Noticies\"],\"inLanguage\":\"ca\"},{\"@type\":\"WebPage\",\"@id\":\"https:\\\/\\\/www.grapats.com\\\/ca\\\/grup-grapats-impulsa-limpacte-i-la-innovacio-social-basats-en-dades-amb-el-suport-de-la-unio-europea\\\/\",\"url\":\"https:\\\/\\\/www.grapats.com\\\/ca\\\/grup-grapats-impulsa-limpacte-i-la-innovacio-social-basats-en-dades-amb-el-suport-de-la-unio-europea\\\/\",\"name\":\"Grup Grapats impulsa l\u2019impacte i la innovaci\u00f3 social basats en dades amb el suport de la Uni\u00f3 Europea - Grapats\",\"isPartOf\":{\"@id\":\"https:\\\/\\\/www.grapats.com\\\/ca\\\/#website\"},\"primaryImageOfPage\":{\"@id\":\"https:\\\/\\\/www.grapats.com\\\/ca\\\/grup-grapats-impulsa-limpacte-i-la-innovacio-social-basats-en-dades-amb-el-suport-de-la-unio-europea\\\/#primaryimage\"},\"image\":{\"@id\":\"https:\\\/\\\/www.grapats.com\\\/ca\\\/grup-grapats-impulsa-limpacte-i-la-innovacio-social-basats-en-dades-amb-el-suport-de-la-unio-europea\\\/#primaryimage\"},\"thumbnailUrl\":\"https:\\\/\\\/www.grapats.com\\\/wp-content\\\/uploads\\\/2026\\\/08\\\/Basico-1080-x-600.jpg\",\"datePublished\":\"2026-08-31T08:59:32+00:00\",\"author\":{\"@id\":\"https:\\\/\\\/www.grapats.com\\\/ca\\\/#\\\/schema\\\/person\\\/d17f7b483c10051b7ddbe0c85b8fa15d\"},\"description\":\"Grup Grapats impulsa l\u2019impacte i la innovaci\u00f3 social basats en dades amb el suport de la Uni\u00f3 Europea\",\"breadcrumb\":{\"@id\":\"https:\\\/\\\/www.grapats.com\\\/ca\\\/grup-grapats-impulsa-limpacte-i-la-innovacio-social-basats-en-dades-amb-el-suport-de-la-unio-europea\\\/#breadcrumb\"},\"inLanguage\":\"ca\",\"potentialAction\":[{\"@type\":\"ReadAction\",\"target\":[\"https:\\\/\\\/www.grapats.com\\\/ca\\\/grup-grapats-impulsa-limpacte-i-la-innovacio-social-basats-en-dades-amb-el-suport-de-la-unio-europea\\\/\"]}]},{\"@type\":\"ImageObject\",\"inLanguage\":\"ca\",\"@id\":\"https:\\\/\\\/www.grapats.com\\\/ca\\\/grup-grapats-impulsa-limpacte-i-la-innovacio-social-basats-en-dades-amb-el-suport-de-la-unio-europea\\\/#primaryimage\",\"url\":\"https:\\\/\\\/www.grapats.com\\\/wp-content\\\/uploads\\\/2026\\\/08\\\/Basico-1080-x-600.jpg\",\"contentUrl\":\"https:\\\/\\\/www.grapats.com\\\/wp-content\\\/uploads\\\/2026\\\/08\\\/Basico-1080-x-600.jpg\",\"width\":1080,\"height\":600},{\"@type\":\"BreadcrumbList\",\"@id\":\"https:\\\/\\\/www.grapats.com\\\/ca\\\/grup-grapats-impulsa-limpacte-i-la-innovacio-social-basats-en-dades-amb-el-suport-de-la-unio-europea\\\/#breadcrumb\",\"itemListElement\":[{\"@type\":\"ListItem\",\"position\":1,\"name\":\"Portada\",\"item\":\"https:\\\/\\\/www.grapats.com\\\/ca\\\/\"},{\"@type\":\"ListItem\",\"position\":2,\"name\":\"Grup Grapats impulsa l\u2019impacte i la innovaci\u00f3 social basats en dades amb el suport de la Uni\u00f3 Europea\"}]},{\"@type\":\"WebSite\",\"@id\":\"https:\\\/\\\/www.grapats.com\\\/ca\\\/#website\",\"url\":\"https:\\\/\\\/www.grapats.com\\\/ca\\\/\",\"name\":\"Grapats\",\"description\":\"Empresa de servicios para la inserci\u00f3n laboral\",\"potentialAction\":[{\"@type\":\"SearchAction\",\"target\":{\"@type\":\"EntryPoint\",\"urlTemplate\":\"https:\\\/\\\/www.grapats.com\\\/ca\\\/?s={search_term_string}\"},\"query-input\":{\"@type\":\"PropertyValueSpecification\",\"valueRequired\":true,\"valueName\":\"search_term_string\"}}],\"inLanguage\":\"ca\"},{\"@type\":\"Person\",\"@id\":\"https:\\\/\\\/www.grapats.com\\\/ca\\\/#\\\/schema\\\/person\\\/d17f7b483c10051b7ddbe0c85b8fa15d\",\"name\":\"XAVIER BONET\",\"url\":\"https:\\\/\\\/www.grapats.com\\\/ca\\\/author\\\/xavi\\\/\"}]}<\/script>\n<!-- \/ Yoast SEO plugin. -->","yoast_head_json":{"title":"Grup Grapats impulsa l\u2019impacte i la innovaci\u00f3 social basats en dades amb el suport de la Uni\u00f3 Europea - Grapats","description":"Grup Grapats impulsa l\u2019impacte i la innovaci\u00f3 social basats en dades amb el suport de la Uni\u00f3 Europea","robots":{"index":"index","follow":"follow","max-snippet":"max-snippet:-1","max-image-preview":"max-image-preview:large","max-video-preview":"max-video-preview:-1"},"canonical":"https:\/\/www.grapats.com\/ca\/grup-grapats-impulsa-limpacte-i-la-innovacio-social-basats-en-dades-amb-el-suport-de-la-unio-europea\/","schema":{"@context":"https:\/\/schema.org","@graph":[{"@type":"Article","@id":"https:\/\/www.grapats.com\/ca\/grup-grapats-impulsa-limpacte-i-la-innovacio-social-basats-en-dades-amb-el-suport-de-la-unio-europea\/#article","isPartOf":{"@id":"https:\/\/www.grapats.com\/ca\/grup-grapats-impulsa-limpacte-i-la-innovacio-social-basats-en-dades-amb-el-suport-de-la-unio-europea\/"},"author":{"name":"XAVIER BONET","@id":"https:\/\/www.grapats.com\/ca\/#\/schema\/person\/d17f7b483c10051b7ddbe0c85b8fa15d"},"headline":"Grup Grapats impulsa l\u2019impacte i la innovaci\u00f3 social basats en dades amb el suport de la Uni\u00f3 Europea","datePublished":"2026-08-31T08:59:32+00:00","mainEntityOfPage":{"@id":"https:\/\/www.grapats.com\/ca\/grup-grapats-impulsa-limpacte-i-la-innovacio-social-basats-en-dades-amb-el-suport-de-la-unio-europea\/"},"wordCount":303,"image":{"@id":"https:\/\/www.grapats.com\/ca\/grup-grapats-impulsa-limpacte-i-la-innovacio-social-basats-en-dades-amb-el-suport-de-la-unio-europea\/#primaryimage"},"thumbnailUrl":"https:\/\/www.grapats.com\/wp-content\/uploads\/2026\/08\/Basico-1080-x-600.jpg","articleSection":["Noticies"],"inLanguage":"ca"},{"@type":"WebPage","@id":"https:\/\/www.grapats.com\/ca\/grup-grapats-impulsa-limpacte-i-la-innovacio-social-basats-en-dades-amb-el-suport-de-la-unio-europea\/","url":"https:\/\/www.grapats.com\/ca\/grup-grapats-impulsa-limpacte-i-la-innovacio-social-basats-en-dades-amb-el-suport-de-la-unio-europea\/","name":"Grup Grapats impulsa l\u2019impacte i la innovaci\u00f3 social basats en dades amb el suport de la Uni\u00f3 Europea - Grapats","isPartOf":{"@id":"https:\/\/www.grapats.com\/ca\/#website"},"primaryImageOfPage":{"@id":"https:\/\/www.grapats.com\/ca\/grup-grapats-impulsa-limpacte-i-la-innovacio-social-basats-en-dades-amb-el-suport-de-la-unio-europea\/#primaryimage"},"image":{"@id":"https:\/\/www.grapats.com\/ca\/grup-grapats-impulsa-limpacte-i-la-innovacio-social-basats-en-dades-amb-el-suport-de-la-unio-europea\/#primaryimage"},"thumbnailUrl":"https:\/\/www.grapats.com\/wp-content\/uploads\/2026\/08\/Basico-1080-x-600.jpg","datePublished":"2026-08-31T08:59:32+00:00","author":{"@id":"https:\/\/www.grapats.com\/ca\/#\/schema\/person\/d17f7b483c10051b7ddbe0c85b8fa15d"},"description":"Grup Grapats impulsa l\u2019impacte i la innovaci\u00f3 social basats en dades amb el suport de la Uni\u00f3 Europea","breadcrumb":{"@id":"https:\/\/www.grapats.com\/ca\/grup-grapats-impulsa-limpacte-i-la-innovacio-social-basats-en-dades-amb-el-suport-de-la-unio-europea\/#breadcrumb"},"inLanguage":"ca","potentialAction":[{"@type":"ReadAction","target":["https:\/\/www.grapats.com\/ca\/grup-grapats-impulsa-limpacte-i-la-innovacio-social-basats-en-dades-amb-el-suport-de-la-unio-europea\/"]}]},{"@type":"ImageObject","inLanguage":"ca","@id":"https:\/\/www.grapats.com\/ca\/grup-grapats-impulsa-limpacte-i-la-innovacio-social-basats-en-dades-amb-el-suport-de-la-unio-europea\/#primaryimage","url":"https:\/\/www.grapats.com\/wp-content\/uploads\/2026\/08\/Basico-1080-x-600.jpg","contentUrl":"https:\/\/www.grapats.com\/wp-content\/uploads\/2026\/08\/Basico-1080-x-600.jpg","width":1080,"height":600},{"@type":"BreadcrumbList","@id":"https:\/\/www.grapats.com\/ca\/grup-grapats-impulsa-limpacte-i-la-innovacio-social-basats-en-dades-amb-el-suport-de-la-unio-europea\/#breadcrumb","itemListElement":[{"@type":"ListItem","position":1,"name":"Portada","item":"https:\/\/www.grapats.com\/ca\/"},{"@type":"ListItem","position":2,"name":"Grup Grapats impulsa l\u2019impacte i la innovaci\u00f3 social basats en dades amb el suport de la Uni\u00f3 Europea"}]},{"@type":"WebSite","@id":"https:\/\/www.grapats.com\/ca\/#website","url":"https:\/\/www.grapats.com\/ca\/","name":"Grapats","description":"Empresa de servicios para la inserci\u00f3n laboral","potentialAction":[{"@type":"SearchAction","target":{"@type":"EntryPoint","urlTemplate":"https:\/\/www.grapats.com\/ca\/?s={search_term_string}"},"query-input":{"@type":"PropertyValueSpecification","valueRequired":true,"valueName":"search_term_string"}}],"inLanguage":"ca"},{"@type":"Person","@id":"https:\/\/www.grapats.com\/ca\/#\/schema\/person\/d17f7b483c10051b7ddbe0c85b8fa15d","name":"XAVIER BONET","url":"https:\/\/www.grapats.com\/ca\/author\/xavi\/"}]}},"_links":{"self":[{"href":"https:\/\/www.grapats.com\/ca\/wp-json\/wp\/v2\/posts\/264267","targetHints":{"allow":["GET"]}}],"collection":[{"href":"https:\/\/www.grapats.com\/ca\/wp-json\/wp\/v2\/posts"}],"about":[{"href":"https:\/\/www.grapats.com\/ca\/wp-json\/wp\/v2\/types\/post"}],"author":[{"embeddable":true,"href":"https:\/\/www.grapats.com\/ca\/wp-json\/wp\/v2\/users\/3"}],"replies":[{"embeddable":true,"href":"https:\/\/www.grapats.com\/ca\/wp-json\/wp\/v2\/comments?post=264267"}],"version-history":[{"count":0,"href":"https:\/\/www.grapats.com\/ca\/wp-json\/wp\/v2\/posts\/264267\/revisions"}],"wp:featuredmedia":[{"embeddable":true,"href":"https:\/\/www.grapats.com\/ca\/wp-json\/wp\/v2\/media\/264266"}],"wp:attachment":[{"href":"https:\/\/www.grapats.com\/ca\/wp-json\/wp\/v2\/media?parent=264267"}],"wp:term":[{"taxonomy":"category","embeddable":true,"href":"https:\/\/www.grapats.com\/ca\/wp-json\/wp\/v2\/categories?post=264267"},{"taxonomy":"post_tag","embeddable":true,"href":"https:\/\/www.grapats.com\/ca\/wp-json\/wp\/v2\/tags?post=264267"}],"curies":[{"name":"wp","href":"https:\/\/api.w.org\/{rel}","templated":true}]}}